{"id":8459,"date":"2024-05-06T17:32:00","date_gmt":"2024-05-06T22:32:00","guid":{"rendered":"https:\/\/cooperacion.unmsm.edu.pe\/?p=8459"},"modified":"2024-05-14T12:34:30","modified_gmt":"2024-05-14T17:34:30","slug":"celebracion-de-los-473-anos-de-vida-institucional-de-la-unmsm","status":"publish","type":"post","link":"https:\/\/cooperacion.unmsm.edu.pe\/index.php\/2024\/05\/06\/celebracion-de-los-473-anos-de-vida-institucional-de-la-unmsm\/","title":{"rendered":"Celebraci\u00f3n de los 473 a\u00f1os de vida institucional de la UNMSM"},"content":{"rendered":"\n<p>Iniciando las actividades de la celebraci\u00f3n de los 473 a\u00f1os de vida institucional de la UNMSM, Decana de Am\u00e9rica <img decoding=\"async\" loading=\"lazy\" height=\"16\" width=\"16\" alt=\"\ud83e\udd73\" src=\"https:\/\/static.xx.fbcdn.net\/images\/emoji.php\/v9\/t6d\/1\/16\/1f973.png\">.<\/p>\n\n\n\n<p>La Oficina General de Cooperaci\u00f3n y Relaciones Interinstitucionales presente en el Desfile institucional llevado a cabo en la Plaza Fray Tom\u00e1s de San Mart\u00edn de la Ciudad Universitaria, hoy lunes 6 de mayo.<\/p>\n\n\n\n<figure class=\"wp-block-image size-large\"><img decoding=\"async\" loading=\"lazy\" width=\"1024\" height=\"603\" src=\"https:\/\/cooperacion.unmsm.edu.pe\/wp-content\/uploads\/2024\/05\/438160928_837669251734984_6804316086186083015_n-1024x603.jpg\" alt=\"\" class=\"wp-image-8461\" srcset=\"https:\/\/cooperacion.unmsm.edu.pe\/wp-content\/uploads\/2024\/05\/438160928_837669251734984_6804316086186083015_n-1024x603.jpg 1024w, https:\/\/cooperacion.unmsm.edu.pe\/wp-content\/uploads\/2024\/05\/438160928_837669251734984_6804316086186083015_n-300x177.jpg 300w, https:\/\/cooperacion.unmsm.edu.pe\/wp-content\/uploads\/2024\/05\/438160928_837669251734984_6804316086186083015_n-768x452.jpg 768w, https:\/\/cooperacion.unmsm.edu.pe\/wp-content\/uploads\/2024\/05\/438160928_837669251734984_6804316086186083015_n-1536x904.jpg 1536w, https:\/\/cooperacion.unmsm.edu.pe\/wp-content\/uploads\/2024\/05\/438160928_837669251734984_6804316086186083015_n.jpg 1600w\" sizes=\"(max-width: 1024px) 100vw, 1024px\" \/><\/figure>\n","protected":false},"excerpt":{"rendered":"<p>Iniciando las actividades de la celebraci\u00f3n de los 473 a\u00f1os de vida institucional de la UNMSM, Decana de Am\u00e9rica . La Oficina General de Cooperaci\u00f3n y Relaciones Interinstitucionales presente en el Desfile institucional llevado a cabo en la Plaza Fray Tom\u00e1s de San Mart\u00edn de la Ciudad Universitaria, hoy lunes 6 de mayo.<\/p>\n","protected":false},"author":3,"featured_media":8460,"comment_status":"closed","ping_status":"closed","sticky":false,"template":"","format":"standard","meta":[],"categories":[2],"tags":[],"_links":{"self":[{"href":"https:\/\/cooperacion.unmsm.edu.pe\/index.php\/wp-json\/wp\/v2\/posts\/8459"}],"collection":[{"href":"https:\/\/cooperacion.unmsm.edu.pe\/index.php\/wp-json\/wp\/v2\/posts"}],"about":[{"href":"https:\/\/cooperacion.unmsm.edu.pe\/index.php\/wp-json\/wp\/v2\/types\/post"}],"author":[{"embeddable":true,"href":"https:\/\/cooperacion.unmsm.edu.pe\/index.php\/wp-json\/wp\/v2\/users\/3"}],"replies":[{"embeddable":true,"href":"https:\/\/cooperacion.unmsm.edu.pe\/index.php\/wp-json\/wp\/v2\/comments?post=8459"}],"version-history":[{"count":1,"href":"https:\/\/cooperacion.unmsm.edu.pe\/index.php\/wp-json\/wp\/v2\/posts\/8459\/revisions"}],"predecessor-version":[{"id":8462,"href":"https:\/\/cooperacion.unmsm.edu.pe\/index.php\/wp-json\/wp\/v2\/posts\/8459\/revisions\/8462"}],"wp:featuredmedia":[{"embeddable":true,"href":"https:\/\/cooperacion.unmsm.edu.pe\/index.php\/wp-json\/wp\/v2\/media\/8460"}],"wp:attachment":[{"href":"https:\/\/cooperacion.unmsm.edu.pe\/index.php\/wp-json\/wp\/v2\/media?parent=8459"}],"wp:term":[{"taxonomy":"category","embeddable":true,"href":"https:\/\/cooperacion.unmsm.edu.pe\/index.php\/wp-json\/wp\/v2\/categories?post=8459"},{"taxonomy":"post_tag","embeddable":true,"href":"https:\/\/cooperacion.unmsm.edu.pe\/index.php\/wp-json\/wp\/v2\/tags?post=8459"}],"curies":[{"name":"wp","href":"https:\/\/api.w.org\/{rel}","templated":true}]}}